{"id":16,"date":"2025-08-10T11:14:08","date_gmt":"2025-08-10T09:14:08","guid":{"rendered":"https:\/\/osp-babice.pl\/?p=16"},"modified":"2025-08-10T11:15:35","modified_gmt":"2025-08-10T09:15:35","slug":"81-rocznica-wybuchu-powstania-warszawskiego","status":"publish","type":"post","link":"https:\/\/osp-babice.pl\/index.php\/2025\/08\/10\/81-rocznica-wybuchu-powstania-warszawskiego\/","title":{"rendered":"81 rocznica wybuchu Powstania Warszawskiego"},"content":{"rendered":"\n<div style=\"height:43px\" aria-hidden=\"true\" class=\"wp-block-spacer\"><\/div>\n\n\n\n<p>1 sierpnia uczcili\u015bmy pami\u0119\u0107 tych, kt\u00f3rzy marzyli o wolnej Polsce. O tych, kt\u00f3rzy wychodz\u0105c na ulice Warszawy wierzyli, \u017ce wr\u00f3c\u0105 do dom\u00f3w. O tych kt\u00f3rzy zap\u0142acili za to najwy\u017csz\u0105 cen\u0119.<\/p>\n\n\n\n<p>Nam jest \u0142atwiej zrobi\u0107 co\u015b dla innych. Dlatego druhny i druhowie z <strong><a href=\"https:\/\/www.facebook.com\/strazbabice?__cft__[0]=AZV9Eq0bXxftDEAfzs7XkwX8nT09dxOC-ze64U0jhUfHJELT-Mg9aclxl7sOA9BlpElfcmczuILzSVgBgYBkTy_Cuo15Vsrom6iZVeL2rdWHLov6aebr1_Cv4cdRR3gW5-BYzp9KTl3CefPaIJbZb7h0QowbBp07pN41OShHBUupT1tSaDkgzGDocCIiYctvVXE&amp;__tn__=-]K-R\">OSP Babice<\/a>, <a href=\"https:\/\/www.facebook.com\/OSPKSRGJankowice?__cft__[0]=AZV9Eq0bXxftDEAfzs7XkwX8nT09dxOC-ze64U0jhUfHJELT-Mg9aclxl7sOA9BlpElfcmczuILzSVgBgYBkTy_Cuo15Vsrom6iZVeL2rdWHLov6aebr1_Cv4cdRR3gW5-BYzp9KTl3CefPaIJbZb7h0QowbBp07pN41OShHBUupT1tSaDkgzGDocCIiYctvVXE&amp;__tn__=-]K-R\">OSP Jankowice<\/a> i <a href=\"https:\/\/www.facebook.com\/osprozkochow?__cft__[0]=AZV9Eq0bXxftDEAfzs7XkwX8nT09dxOC-ze64U0jhUfHJELT-Mg9aclxl7sOA9BlpElfcmczuILzSVgBgYBkTy_Cuo15Vsrom6iZVeL2rdWHLov6aebr1_Cv4cdRR3gW5-BYzp9KTl3CefPaIJbZb7h0QowbBp07pN41OShHBUupT1tSaDkgzGDocCIiYctvVXE&amp;__tn__=-]K-R\">OSP Rozkoch\u00f3w<\/a><\/strong> nie czekali a\u017c b\u0119dzie si\u0119 co\u015b dzia\u0142o i sami wyszli przed szereg, tworz\u0105c to wydarzenie. Wszystko uda\u0142o si\u0119 dzi\u0119ki tym kt\u00f3rzy zjawili si\u0119 na Placu Mogielnickiego. Uda\u0142o si\u0119 r\u00f3wnie\u017c utworzy\u0107 &#8222;Kotwic\u0119&#8221;, wi\u0119c i Wy mieszka\u0144cy gminy Babice jeste\u015bcie cz\u0119\u015bci\u0105 sukcesu.<\/p>\n\n\n\n<div style=\"height:48px\" aria-hidden=\"true\" class=\"wp-block-spacer\"><\/div>\n\n\n\n<figure class=\"wp-block-image aligncenter size-large is-resized\"><img loading=\"lazy\" decoding=\"async\" width=\"1024\" height=\"683\" src=\"https:\/\/osp-babice.pl\/wp-content\/uploads\/2025\/08\/DJI_20250801170135_0061_D-1024x683.jpg\" alt=\"\" class=\"wp-image-21\" style=\"width:624px;height:auto\" srcset=\"https:\/\/osp-babice.pl\/wp-content\/uploads\/2025\/08\/DJI_20250801170135_0061_D-1024x683.jpg 1024w, https:\/\/osp-babice.pl\/wp-content\/uploads\/2025\/08\/DJI_20250801170135_0061_D-300x200.jpg 300w, https:\/\/osp-babice.pl\/wp-content\/uploads\/2025\/08\/DJI_20250801170135_0061_D-768x512.jpg 768w, https:\/\/osp-babice.pl\/wp-content\/uploads\/2025\/08\/DJI_20250801170135_0061_D-150x100.jpg 150w, https:\/\/osp-babice.pl\/wp-content\/uploads\/2025\/08\/DJI_20250801170135_0061_D-330x220.jpg 330w, https:\/\/osp-babice.pl\/wp-content\/uploads\/2025\/08\/DJI_20250801170135_0061_D-420x280.jpg 420w, https:\/\/osp-babice.pl\/wp-content\/uploads\/2025\/08\/DJI_20250801170135_0061_D-510x340.jpg 510w, https:\/\/osp-babice.pl\/wp-content\/uploads\/2025\/08\/DJI_20250801170135_0061_D.jpg 1500w\" sizes=\"auto, (max-width: 1024px) 100vw, 1024px\" \/><\/figure>\n\n\n\n<div style=\"height:48px\" aria-hidden=\"true\" class=\"wp-block-spacer\"><\/div>\n\n\n\n<p>Nasi druhowie za\u015b wyszli tradycyjnie wraz z przedstawicielami pozosta\u0142ych jednostek, Komendy PSP w Chrzanowie oraz babick\u0105 dru\u017cyn\u0105 harcersk\u0105 na szczyt wie\u017cy, aby stamt\u0105d nada\u0107 sygna\u0142 na cztery strony \u015bwiata o tym \u017ce wybi\u0142a &#8222;Godzina W&#8221;.<\/p>\n\n\n\n<div style=\"height:48px\" aria-hidden=\"true\" class=\"wp-block-spacer\"><\/div>\n\n\n\n<figure class=\"wp-block-image aligncenter size-large is-resized\"><img loading=\"lazy\" decoding=\"async\" width=\"1024\" height=\"576\" src=\"https:\/\/osp-babice.pl\/wp-content\/uploads\/2025\/08\/Zdjecie-WhatsApp-2025-08-01-o-18.59.50_7cc1f8b7-1024x576.jpg\" alt=\"\" class=\"wp-image-22\" style=\"width:629px;height:auto\" srcset=\"https:\/\/osp-babice.pl\/wp-content\/uploads\/2025\/08\/Zdjecie-WhatsApp-2025-08-01-o-18.59.50_7cc1f8b7-1024x576.jpg 1024w, https:\/\/osp-babice.pl\/wp-content\/uploads\/2025\/08\/Zdjecie-WhatsApp-2025-08-01-o-18.59.50_7cc1f8b7-300x169.jpg 300w, https:\/\/osp-babice.pl\/wp-content\/uploads\/2025\/08\/Zdjecie-WhatsApp-2025-08-01-o-18.59.50_7cc1f8b7-768x432.jpg 768w, https:\/\/osp-babice.pl\/wp-content\/uploads\/2025\/08\/Zdjecie-WhatsApp-2025-08-01-o-18.59.50_7cc1f8b7-1536x864.jpg 1536w, https:\/\/osp-babice.pl\/wp-content\/uploads\/2025\/08\/Zdjecie-WhatsApp-2025-08-01-o-18.59.50_7cc1f8b7.jpg 1600w\" sizes=\"auto, (max-width: 1024px) 100vw, 1024px\" \/><\/figure>\n\n\n\n<div style=\"height:48px\" aria-hidden=\"true\" class=\"wp-block-spacer\"><\/div>\n\n\n\n<p><\/p>\n","protected":false},"excerpt":{"rendered":"<p>1 sierpnia uczcili\u015bmy pami\u0119\u0107 tych, kt\u00f3rzy marzyli o wolnej Polsce. O tych, kt\u00f3rzy wychodz\u0105c na ulice Warszawy wierzyli, \u017ce wr\u00f3c\u0105 do dom\u00f3w. O tych kt\u00f3rzy zap\u0142acili za to najwy\u017csz\u0105 cen\u0119.<\/p>\n","protected":false},"author":1,"featured_media":20,"comment_status":"open","ping_status":"open","sticky":false,"template":"","format":"standard","meta":{"_jetpack_memberships_contains_paid_content":false,"footnotes":""},"categories":[3],"tags":[],"class_list":["post-16","post","type-post","status-publish","format-standard","has-post-thumbnail","hentry","category-wydarzenia"],"jetpack_featured_media_url":"https:\/\/osp-babice.pl\/wp-content\/uploads\/2025\/08\/44_25_bann.jpg","jetpack_sharing_enabled":true,"_links":{"self":[{"href":"https:\/\/osp-babice.pl\/index.php\/wp-json\/wp\/v2\/posts\/16","targetHints":{"allow":["GET"]}}],"collection":[{"href":"https:\/\/osp-babice.pl\/index.php\/wp-json\/wp\/v2\/posts"}],"about":[{"href":"https:\/\/osp-babice.pl\/index.php\/wp-json\/wp\/v2\/types\/post"}],"author":[{"embeddable":true,"href":"https:\/\/osp-babice.pl\/index.php\/wp-json\/wp\/v2\/users\/1"}],"replies":[{"embeddable":true,"href":"https:\/\/osp-babice.pl\/index.php\/wp-json\/wp\/v2\/comments?post=16"}],"version-history":[{"count":3,"href":"https:\/\/osp-babice.pl\/index.php\/wp-json\/wp\/v2\/posts\/16\/revisions"}],"predecessor-version":[{"id":24,"href":"https:\/\/osp-babice.pl\/index.php\/wp-json\/wp\/v2\/posts\/16\/revisions\/24"}],"wp:featuredmedia":[{"embeddable":true,"href":"https:\/\/osp-babice.pl\/index.php\/wp-json\/wp\/v2\/media\/20"}],"wp:attachment":[{"href":"https:\/\/osp-babice.pl\/index.php\/wp-json\/wp\/v2\/media?parent=16"}],"wp:term":[{"taxonomy":"category","embeddable":true,"href":"https:\/\/osp-babice.pl\/index.php\/wp-json\/wp\/v2\/categories?post=16"},{"taxonomy":"post_tag","embeddable":true,"href":"https:\/\/osp-babice.pl\/index.php\/wp-json\/wp\/v2\/tags?post=16"}],"curies":[{"name":"wp","href":"https:\/\/api.w.org\/{rel}","templated":true}]}}